{"id":523,"date":"2020-04-05T11:37:32","date_gmt":"2020-04-05T14:37:32","guid":{"rendered":"http:\/\/csaadvogados.com.br\/site\/?p=523"},"modified":"2020-04-05T11:47:17","modified_gmt":"2020-04-05T14:47:17","slug":"prorrogacao-do-prazo-para-o-recolhimento-de-tributos-federais","status":"publish","type":"post","link":"http:\/\/csaadvogados.com.br\/site\/2020\/04\/05\/prorrogacao-do-prazo-para-o-recolhimento-de-tributos-federais\/","title":{"rendered":"COVID-19 e a prorroga\u00e7\u00e3o do prazo para o recolhimento de tributos federais"},"content":{"rendered":"<p class=\"ementa\" style=\"text-align: justify; background: white;\"><span style=\"font-family: 'Arial',sans-serif; color: #162937;\">Em decorr\u00eancia da pandemia relacionada ao Coronav\u00edrus, muitos pa\u00edses adotaram medidas emergenciais, fechando as escolas, teatros, cinemas, bares e restaurantes.<\/span><\/p>\n<p class=\"ementa\" style=\"text-align: justify; background: white;\"><span style=\"font-family: 'Arial',sans-serif; color: #162937;\">Milhares de pessoas est\u00e3o lutando por suas vidas em hospitais e os dados estat\u00edsticos est\u00e3o sendo atualizados constantemente, somando mais de 4.000 pessoas mortas em decorr\u00eancia do v\u00edrus.<\/span><\/p>\n<p class=\"ementa\" style=\"text-align: justify; background: white;\"><span style=\"font-family: 'Arial',sans-serif; color: #162937;\">Com efeito, as pessoas s\u00e3o incentivadas ou for\u00e7adas a se isolar em casa. A recomenda\u00e7\u00e3o \u00e9 de n\u00e3o viajar, seja por lazer ou por trabalho. Come\u00e7a a se assentar no mundo todo a sensa\u00e7\u00e3o de que a vida vai mudar por um bom per\u00edodo de tempo<\/span><\/p>\n<p class=\"ementa\" style=\"text-align: justify; background: white; margin: 0cm 0cm 22.5pt 0cm;\"><span style=\"font-family: 'Arial',sans-serif; color: #162937;\">Neste cen\u00e1rio, o Governo Federal, no \u00faltimo dia 03 de abril, instituiu a Portaria n\u00ba 139, que prorroga o prazo para recolhimento das contribui\u00e7\u00f5es previdenci\u00e1rias pagas pelas empresas, bem como das contribui\u00e7\u00f5es devidas pelo empregador dom\u00e9stico, relativas \u00e0s compet\u00eancias dos meses de mar\u00e7o e abril de 2020.<\/span><\/p>\n<p class=\"ementa\" style=\"text-align: justify; background: white; margin: 0cm 0cm 22.5pt 0cm;\"><span style=\"font-family: 'Arial',sans-serif; color: #162937;\">Com base na mencionada norma, o prazo de vencimento das contribui\u00e7\u00f5es devidas no meses de mar\u00e7o e abril deste ano ser\u00e3o, respectivamente, nas compet\u00eancias respeitantes aos meses de julho e setembro de 2020.<\/span><\/p>\n<p class=\"ementa\" style=\"text-align: justify; background: white; margin: 0cm 0cm 22.5pt 0cm;\"><span style=\"font-family: 'Arial',sans-serif; color: #162937;\">Fonte:http:\/\/www.in.gov.br\/web\/dou\/-\/portaria-n-139-de-3-de-abril-de-2020-251138204 &#8211; acesso em 04\/04\/2020<\/span><\/p>\n","protected":false},"excerpt":{"rendered":"<p>Em decorr\u00eancia da pandemia relacionada ao Coronav\u00edrus, muitos pa\u00edses adotaram medidas emergenciais, fechando as escolas, teatros, cinemas, bares e restaurantes. Milhares de pessoas est\u00e3o lutando por suas vidas em hospitais e os dados estat\u00edsticos est\u00e3o sendo atualizados constantemente, somando mais<\/p>\n","protected":false},"author":1,"featured_media":0,"comment_status":"closed","ping_status":"closed","sticky":false,"template":"","format":"standard","meta":{"footnotes":""},"categories":[16],"tags":[],"class_list":["post-523","post","type-post","status-publish","format-standard","hentry","category-direito-tributario"],"_links":{"self":[{"href":"http:\/\/csaadvogados.com.br\/site\/wp-json\/wp\/v2\/posts\/523","targetHints":{"allow":["GET"]}}],"collection":[{"href":"http:\/\/csaadvogados.com.br\/site\/wp-json\/wp\/v2\/posts"}],"about":[{"href":"http:\/\/csaadvogados.com.br\/site\/wp-json\/wp\/v2\/types\/post"}],"author":[{"embeddable":true,"href":"http:\/\/csaadvogados.com.br\/site\/wp-json\/wp\/v2\/users\/1"}],"replies":[{"embeddable":true,"href":"http:\/\/csaadvogados.com.br\/site\/wp-json\/wp\/v2\/comments?post=523"}],"version-history":[{"count":3,"href":"http:\/\/csaadvogados.com.br\/site\/wp-json\/wp\/v2\/posts\/523\/revisions"}],"predecessor-version":[{"id":526,"href":"http:\/\/csaadvogados.com.br\/site\/wp-json\/wp\/v2\/posts\/523\/revisions\/526"}],"wp:attachment":[{"href":"http:\/\/csaadvogados.com.br\/site\/wp-json\/wp\/v2\/media?parent=523"}],"wp:term":[{"taxonomy":"category","embeddable":true,"href":"http:\/\/csaadvogados.com.br\/site\/wp-json\/wp\/v2\/categories?post=523"},{"taxonomy":"post_tag","embeddable":true,"href":"http:\/\/csaadvogados.com.br\/site\/wp-json\/wp\/v2\/tags?post=523"}],"curies":[{"name":"wp","href":"https:\/\/api.w.org\/{rel}","templated":true}]}}